{"id":2965,"date":"2020-01-27T15:02:36","date_gmt":"2020-01-27T22:02:36","guid":{"rendered":"http:\/\/scfd.org\/la-cultura-vive-en-el-festival-de-artes-negras-de-colorado\/"},"modified":"2020-02-12T13:31:55","modified_gmt":"2020-02-12T20:31:55","slug":"la-cultura-vive-en-el-festival-de-artes-negras-de-colorado","status":"publish","type":"post","link":"https:\/\/scfd.org\/es\/la-cultura-vive-en-el-festival-de-artes-negras-de-colorado\/","title":{"rendered":"La cultura vive en el Festival de Artes Negras de Colorado"},"content":{"rendered":"<p>Durante m\u00e1s de 30 a\u00f1os, el Festival de las Artes Negras ha cautivado al p\u00fablico con y mezcla ecl\u00e9ctica de canci\u00f3n, danza, arte y comida, todo rematado con un desfile. El festival siempre ha sido una celebraci\u00f3n del arte negro y la cultura, pero en su esencia, siempre se ha pensado que sea mucho m\u00e1s. Al darse cuenta de que los artistas negros estaban ausentes en gran medida de lugares m\u00e1s tradicionales, los fundadores del festival se propusieron asegurar que el arte de su comunidad fuera visto y escuchado y los artistas fueran destacados.<\/p>\n<p><iframe title=\"Colorado Black Arts Festival\" width=\"500\" height=\"281\" data-src=\"https:\/\/www.youtube.com\/embed\/ruuEvrIfwwk?feature=oembed\" frameborder=\"0\" allow=\"accelerometer; autoplay; clipboard-write; encrypted-media; gyroscope; picture-in-picture; web-share\" referrerpolicy=\"strict-origin-when-cross-origin\" allowfullscreen src=\"data:image\/svg+xml;base64,PHN2ZyB3aWR0aD0iMSIgaGVpZ2h0PSIxIiB4bWxucz0iaHR0cDovL3d3dy53My5vcmcvMjAwMC9zdmciPjwvc3ZnPg==\" class=\"lazyload\" data-load-mode=\"1\"><\/iframe><\/p>\n","protected":false},"excerpt":{"rendered":"<p>Durante m\u00e1s de 30 a\u00f1os, el Festival de las Artes Negras ha cautivado al p\u00fablico con y mezcla ecl\u00e9ctica de canci\u00f3n, danza, arte y comida, todo rematado con un desfile&#8230;.<\/p>\n","protected":false},"author":11,"featured_media":2966,"comment_status":"open","ping_status":"closed","sticky":false,"template":"","format":"standard","meta":{"_acf_changed":false,"footnotes":""},"categories":[5],"tags":[],"class_list":["post-2965","post","type-post","status-publish","format-standard","has-post-thumbnail","hentry","category-cultura-para-todos"],"acf":[],"publishpress_future_action":{"enabled":false,"date":"2026-05-07 00:28:28","action":"change-status","newStatus":"draft","terms":[],"taxonomy":"category","extraData":[]},"publishpress_future_workflow_manual_trigger":{"enabledWorkflows":[]},"_links":{"self":[{"href":"https:\/\/scfd.org\/es\/wp-json\/wp\/v2\/posts\/2965","targetHints":{"allow":["GET"]}}],"collection":[{"href":"https:\/\/scfd.org\/es\/wp-json\/wp\/v2\/posts"}],"about":[{"href":"https:\/\/scfd.org\/es\/wp-json\/wp\/v2\/types\/post"}],"author":[{"embeddable":true,"href":"https:\/\/scfd.org\/es\/wp-json\/wp\/v2\/users\/11"}],"replies":[{"embeddable":true,"href":"https:\/\/scfd.org\/es\/wp-json\/wp\/v2\/comments?post=2965"}],"version-history":[{"count":0,"href":"https:\/\/scfd.org\/es\/wp-json\/wp\/v2\/posts\/2965\/revisions"}],"wp:featuredmedia":[{"embeddable":true,"href":"https:\/\/scfd.org\/es\/wp-json\/wp\/v2\/media\/2966"}],"wp:attachment":[{"href":"https:\/\/scfd.org\/es\/wp-json\/wp\/v2\/media?parent=2965"}],"wp:term":[{"taxonomy":"category","embeddable":true,"href":"https:\/\/scfd.org\/es\/wp-json\/wp\/v2\/categories?post=2965"},{"taxonomy":"post_tag","embeddable":true,"href":"https:\/\/scfd.org\/es\/wp-json\/wp\/v2\/tags?post=2965"}],"curies":[{"name":"wp","href":"https:\/\/api.w.org\/{rel}","templated":true}]}}